[{"@context":"https:\/\/schema.org\/","@type":"Article","@id":"https:\/\/www.digoknu.cz\/ruzne-zivotni-styly\/#Article","mainEntityOfPage":"https:\/\/www.digoknu.cz\/ruzne-zivotni-styly\/","headline":"R\u016fzn\u00e9 \u017eivotn\u00ed styly","name":"R\u016fzn\u00e9 \u017eivotn\u00ed styly","description":"Je jasn\u00e9, a \u017ee ka\u017ed\u00fd \u010dlov\u011bk m\u00e1 sv\u016fj \u017eivotn\u00ed styl. A nemus\u00ed se jednat pouze o jednoho \u010dlov\u011bka. V\u011bt\u0161inou se jedn\u00e1 o \u017eivotn\u00ed styl cel\u00e9...","datePublished":"2022-04-23","dateModified":"2022-04-23","author":{"@type":"Person","@id":"https:\/\/www.digoknu.cz\/author\/#Person","name":"","url":"https:\/\/www.digoknu.cz\/author\/","identifier":1,"image":{"@type":"ImageObject","@id":"https:\/\/secure.gravatar.com\/avatar\/614460c3109f6ef46730ae87c5e2be623f574940fabcec1214dc0d8d5af688cf?s=96&d=mm&r=g","url":"https:\/\/secure.gravatar.com\/avatar\/614460c3109f6ef46730ae87c5e2be623f574940fabcec1214dc0d8d5af688cf?s=96&d=mm&r=g","height":96,"width":96}},"publisher":{"@type":"Organization","name":"digoknu.cz","logo":{"@type":"ImageObject","@id":"\/logo.png","url":"\/logo.png","width":600,"height":60}},"image":{"@type":"ImageObject","@id":"https:\/\/www.digoknu.cz\/wp-content\/uploads\/spokojena_rodina_1.jpg","url":"https:\/\/www.digoknu.cz\/wp-content\/uploads\/spokojena_rodina_1.jpg","height":0,"width":0},"url":"https:\/\/www.digoknu.cz\/ruzne-zivotni-styly\/","about":["\u017divotn\u00ed styl"],"wordCount":431,"articleBody":"Je jasn\u00e9, a \u017ee ka\u017ed\u00fd \u010dlov\u011bk m\u00e1 sv\u016fj \u017eivotn\u00ed styl. A nemus\u00ed se jednat pouze o jednoho \u010dlov\u011bka. V\u011bt\u0161inou se jedn\u00e1 o \u017eivotn\u00ed styl cel\u00e9 rodiny anebo n\u011bjak\u00e9 skupiny. Proto\u017ee je to tak u\u017e d\u00e1vno od prav\u011bku. I prav\u011bc\u00ed lid\u00e9 m\u011bli svoje z\u00e1sady. Prav\u011bc\u00ed lid\u00e9 m\u011bli taky sv\u016fj \u017eivotn\u00ed styl. A \u017eili hlavn\u011b tak, aby p\u0159e\u017eili do dal\u0161\u00edho dne. Tak\u017ee je \u00fapln\u011b logick\u00e9 a jasn\u00e9 a taky ka\u017ed\u00fd mi d\u00e1 za pravdu, \u017ee prav\u011bc\u00ed lid\u00e9 nedbali na to, jak vypadaj\u00ed. Ale prav\u011bc\u00ed lid\u00e9 dali hlavn\u011b na to, aby druh\u00fd den p\u0159e\u017eili. Tak\u017ee tito lid\u00e9 ne\u017eili opravdu minulost\u00ed. \u017dili pouze\u00a0p\u0159\u00edtomnost\u00ed, ale mysleli taky hlavn\u011b na budoucnost. Hlavn\u011b si d\u00e1vali z\u00e1le\u017eet na tom, aby m\u011bli t\u0159eba nap\u0159\u00edklad co j\u00edst, a\u017e bude zima. Mysl\u00edm si, \u017ee u\u017e tady vznikl takov\u00fd \u017eivotn\u00ed styl a mnoho lid\u00ed ho dodr\u017euje i dnes.\u00a0 Samoz\u0159ejm\u011b, \u017ee \u00fapln\u011b v jin\u00e9 podob\u011b. Ale je mnoho lid\u00ed, kte\u0159\u00ed taky \u017eij\u00ed takov\u00fd ten p\u0159\u00edrodn\u00ed \u017eivotn\u00ed styl. Zn\u00e1m p\u00e1r takov\u00fdch lid\u00ed, kte\u0159\u00ed tak \u017eij\u00ed.\u017de nepou\u017e\u00edvaj\u00ed \u017e\u00e1dnou elekt\u0159inu a elektrick\u00e9 v\u00fdrobky. A nev\u00edm jak vy, ale j\u00e1 si takhle nedok\u00e1\u017eu p\u0159edstavit v\u016fbec \u017eivot. Nedok\u00e1\u017eu si p\u0159edstavit, \u017ee bych nem\u011bla mobiln\u00ed telefon nebo televizi. Anebo t\u0159eba notebook, proto\u017ee moje pr\u00e1ce obn\u00e1\u0161\u00ed hlavn\u011b to, \u017ee \u0161edes\u00e1t procent voln\u00e9ho \u010dasu pracuji p\u0159es po\u010d\u00edta\u010d. Tak\u017ee kdybych najednou musela \u017e\u00edt n\u011bjak\u00fd p\u0159\u00edrodn\u00ed \u017eivotn\u00ed styl, tak nev\u00edm, jak j\u00e1 sama bych se u\u017eivila. A nato\u017e abych u\u017eivila t\u0159eba sv\u00e9ho syna. Bylo by to opravdu slo\u017eit\u00e9, proto\u017ee v\u016fbec nev\u00edm, jak takov\u00ed lid\u00e9 v\u016fbec pracuj\u00ed. Kdy\u017e neuzn\u00e1vaj\u00ed \u017e\u00e1dnou techniku a vymo\u017eenosti. Jak tedy \u017eij\u00ed, va\u0159\u00ed, udr\u017euj\u00ed teplo? Opravdu by m\u011b to zaj\u00edm\u00e1. A mo\u017en\u00e1 si to asi zjist\u00edm. A jak\u00fd vy nap\u0159\u00edklad m\u00e1te vy \u017eivotn\u00ed styl? M\u00e1te v\u016fbec n\u011bjak\u00fd? Proto\u017ee podle m\u00e9ho n\u00e1zoru by ka\u017ed\u00e1 rodina nebo alespo\u0148 ka\u017ed\u00fd \u010dlov\u011bk m\u011bl m\u00edt sv\u00e9 z\u00e1sady a t\u00edm p\u00e1dem taky sv\u016fj \u017eivotn\u00ed styl. Je jasn\u00e9, \u017ee ka\u017ed\u00fd \u010dlov\u011bk m\u00e1 svoje z\u00e1sady a podm\u00ednky, jak by cht\u011bl \u017e\u00edt nebo jak\u00e9 m\u00e1 n\u00e1roky\u00a0na pr\u00e1ci nebo rodinu. Je to r\u016fzn\u00e9.\u00a0                                                                                                                                                                                                                                                                                                                                                                                        5\/5 - (2 votes)        "},{"@context":"https:\/\/schema.org\/","@type":"BreadcrumbList","itemListElement":[{"@type":"ListItem","position":1,"name":"R\u016fzn\u00e9 \u017eivotn\u00ed styly","item":"https:\/\/www.digoknu.cz\/ruzne-zivotni-styly\/#breadcrumbitem"}]}]